{"id":1055,"date":"2024-08-08T14:15:01","date_gmt":"2024-08-08T08:45:01","guid":{"rendered":"https:\/\/olyve.tanshcreative.com\/?p=1055"},"modified":"2025-12-25T19:00:11","modified_gmt":"2025-12-25T19:00:11","slug":"centro-reina-sofia","status":"publish","type":"post","link":"https:\/\/maleno.org\/?p=1055","title":{"rendered":"Entrevista  del Centro Reina Sof\u00eda: &#8220;Juventud ante la paradoja del Estrecho&#8221;"},"content":{"rendered":"\t\t<div data-elementor-type=\"wp-post\" data-elementor-id=\"1055\" class=\"elementor elementor-1055\" data-elementor-post-type=\"post\">\n\t\t\t\t<div class=\"elementor-element elementor-element-b833f06 e-flex e-con-boxed e-con e-parent\" data-id=\"b833f06\" data-element_type=\"container\">\n\t\t\t\t\t<div class=\"e-con-inner\">\n\t\t\t\t<div class=\"elementor-element elementor-element-3527cda elementor-widget elementor-widget-text-editor\" data-id=\"3527cda\" data-element_type=\"widget\" data-widget_type=\"text-editor.default\">\n\t\t\t\t\t\t\t\t\t<p><em>Barcelona, junio 2023 &#8211; <\/em>Hablo con el Centro Reina Sof\u00eda sobre identidades mutantes, atravesadas por la herencia familiar, el racismo estructural, la exclusi\u00f3n pol\u00edtica y un techo de hormig\u00f3n que limita la representaci\u00f3n social, cultural y afectiva de hijos e hijas de personas migrantes.<\/p>\t\t\t\t\t\t\t\t<\/div>\n\t\t\t\t<div class=\"elementor-element elementor-element-418ab7a elementor-widget elementor-widget-dtr-quote\" data-id=\"418ab7a\" data-element_type=\"widget\" data-widget_type=\"dtr-quote.default\">\n\t\t\t\t<div class=\"elementor-widget-container\">\n\t\t\t\t\t<div class=\"dtr-quote dtr-quote__left-align dtr-radius--rounded clearfix\"><div class=\"dtr-quote__content\"><blockquote>La juventud que crece entre Marruecos y Espa\u00f1a vive atrapada en una paradoja identitaria: no termina de ser reconocida como de aqu\u00ed ni de all\u00ed, obligada constantemente a elegir bando y a amputar una parte de s\u00ed<\/blockquote><\/div><\/div>\t\t\t\t<\/div>\n\t\t\t\t<\/div>\n\t\t\t\t<div class=\"elementor-element elementor-element-c088728 elementor-widget elementor-widget-text-editor\" data-id=\"c088728\" data-element_type=\"widget\" data-widget_type=\"text-editor.default\">\n\t\t\t\t\t\t\t\t\t<p><a href=\"https:\/\/www.centroreinasofia.org\/blog\/ernesto-maleno-juventud-hija-migrante-ante-la-paradoja-del-estrecho\/\">\ud83d\udd17 Lee aqu\u00ed la entrevista completa con el Centro Reina Sof\u00eda<\/a><\/p>\t\t\t\t\t\t\t\t<\/div>\n\t\t\t\t\t<\/div>\n\t\t\t\t<\/div>\n\t\t\t\t<\/div>\n\t\t","protected":false},"excerpt":{"rendered":"<p>Barcelona, junio 2023 &#8211; Hablo con el Centro Reina Sof\u00eda sobre identidades mutantes, atravesadas por la herencia familiar, el racismo estructural, la exclusi\u00f3n pol\u00edtica y un techo de hormig\u00f3n que limita la representaci\u00f3n social, cultural y afectiva de hijos e hijas de personas migrantes. La juventud que crece entre Marruecos y Espa\u00f1a vive atrapada en [&hellip;]<\/p>\n","protected":false},"author":1,"featured_media":2758,"comment_status":"open","ping_status":"open","sticky":false,"template":"","format":"standard","meta":{"_monsterinsights_skip_tracking":false,"_monsterinsights_sitenote_active":false,"_monsterinsights_sitenote_note":"","_monsterinsights_sitenote_category":0,"footnotes":""},"categories":[5],"tags":[26],"class_list":["post-1055","post","type-post","status-publish","format-standard","has-post-thumbnail","hentry","category-prensa","tag-transculturalidad"],"aioseo_notices":[],"_links":{"self":[{"href":"https:\/\/maleno.org\/index.php?rest_route=\/wp\/v2\/posts\/1055","targetHints":{"allow":["GET"]}}],"collection":[{"href":"https:\/\/maleno.org\/index.php?rest_route=\/wp\/v2\/posts"}],"about":[{"href":"https:\/\/maleno.org\/index.php?rest_route=\/wp\/v2\/types\/post"}],"author":[{"embeddable":true,"href":"https:\/\/maleno.org\/index.php?rest_route=\/wp\/v2\/users\/1"}],"replies":[{"embeddable":true,"href":"https:\/\/maleno.org\/index.php?rest_route=%2Fwp%2Fv2%2Fcomments&post=1055"}],"version-history":[{"count":9,"href":"https:\/\/maleno.org\/index.php?rest_route=\/wp\/v2\/posts\/1055\/revisions"}],"predecessor-version":[{"id":2839,"href":"https:\/\/maleno.org\/index.php?rest_route=\/wp\/v2\/posts\/1055\/revisions\/2839"}],"wp:featuredmedia":[{"embeddable":true,"href":"https:\/\/maleno.org\/index.php?rest_route=\/wp\/v2\/media\/2758"}],"wp:attachment":[{"href":"https:\/\/maleno.org\/index.php?rest_route=%2Fwp%2Fv2%2Fmedia&parent=1055"}],"wp:term":[{"taxonomy":"category","embeddable":true,"href":"https:\/\/maleno.org\/index.php?rest_route=%2Fwp%2Fv2%2Fcategories&post=1055"},{"taxonomy":"post_tag","embeddable":true,"href":"https:\/\/maleno.org\/index.php?rest_route=%2Fwp%2Fv2%2Ftags&post=1055"}],"curies":[{"name":"wp","href":"https:\/\/api.w.org\/{rel}","templated":true}]}}