{"id":1061,"date":"2024-08-08T14:18:10","date_gmt":"2024-08-08T08:48:10","guid":{"rendered":"https:\/\/olyve.tanshcreative.com\/?p=1061"},"modified":"2025-12-25T18:59:19","modified_gmt":"2025-12-25T18:59:19","slug":"entrevista-psicologia-espiritualidad","status":"publish","type":"post","link":"https:\/\/maleno.org\/?p=1061","title":{"rendered":"Entrevista en el canal de YouTube &#8216;Psicolog\u00eda y Espiritualidad&#8217;: &#8220;Habitar la herida, integrar identidades&#8221;"},"content":{"rendered":"\t\t<div data-elementor-type=\"wp-post\" data-elementor-id=\"1061\" class=\"elementor elementor-1061\" data-elementor-post-type=\"post\">\n\t\t\t\t<div class=\"elementor-element elementor-element-887668f e-flex e-con-boxed e-con e-parent\" data-id=\"887668f\" data-element_type=\"container\">\n\t\t\t\t\t<div class=\"e-con-inner\">\n\t\t\t\t<div class=\"elementor-element elementor-element-0bd0b23 elementor-widget elementor-widget-text-editor\" data-id=\"0bd0b23\" data-element_type=\"widget\" data-widget_type=\"text-editor.default\">\n\t\t\t\t\t\t\t\t\t<p><em>Madrid, diciembre 2023 &#8211; <\/em>Habitar una identidad atravesada por aparentes contradicciones: musulm\u00e1n y occidental, marroqu\u00ed y espa\u00f1ol, tradici\u00f3n y modernidad. Lejos de vivirse como un conflicto a resolver, esa tensi\u00f3n es un lugar f\u00e9rtil desde el que es posible crecer, comprender y amar m\u00e1s hondo. De lo humano y lo divino convers\u00e9 con el psic\u00f3logo Rafa Mill\u00e1n y la doctora en Literatura Mard\u00eda Herrero.\u00a0<\/p>\t\t\t\t\t\t\t\t<\/div>\n\t\t\t\t<div class=\"elementor-element elementor-element-99eb102 elementor-widget elementor-widget-dtr-quote\" data-id=\"99eb102\" data-element_type=\"widget\" data-widget_type=\"dtr-quote.default\">\n\t\t\t\t<div class=\"elementor-widget-container\">\n\t\t\t\t\t<div class=\"dtr-quote dtr-quote__left-align dtr-radius--rounded clearfix\"><div class=\"dtr-quote__content\"><blockquote>Los opuestos que nos habitan nos invitan simplemente a ensanchar el coraz\u00f3n<\/blockquote><\/div><\/div>\t\t\t\t<\/div>\n\t\t\t\t<\/div>\n\t\t\t\t\t<\/div>\n\t\t\t\t<\/div>\n\t\t<div class=\"elementor-element elementor-element-4f22570 e-flex e-con-boxed e-con e-parent\" data-id=\"4f22570\" data-element_type=\"container\">\n\t\t\t\t\t<div class=\"e-con-inner\">\n\t\t\t\t<div class=\"elementor-element elementor-element-e99b4fd elementor-widget elementor-widget-video\" data-id=\"e99b4fd\" data-element_type=\"widget\" data-settings=\"{&quot;youtube_url&quot;:&quot;https:\\\/\\\/www.youtube.com\\\/watch?v=EtWhiGEG83A&quot;,&quot;video_type&quot;:&quot;youtube&quot;,&quot;controls&quot;:&quot;yes&quot;}\" data-widget_type=\"video.default\">\n\t\t\t\t\t\t\t<div class=\"elementor-wrapper elementor-open-inline\">\n\t\t\t<div class=\"elementor-video\"><\/div>\t\t<\/div>\n\t\t\t\t\t\t<\/div>\n\t\t\t\t\t<\/div>\n\t\t\t\t<\/div>\n\t\t\t\t<\/div>\n\t\t","protected":false},"excerpt":{"rendered":"<p>Madrid, diciembre 2023 &#8211; Habitar una identidad atravesada por aparentes contradicciones: musulm\u00e1n y occidental, marroqu\u00ed y espa\u00f1ol, tradici\u00f3n y modernidad. Lejos de vivirse como un conflicto a resolver, esa tensi\u00f3n es un lugar f\u00e9rtil desde el que es posible crecer, comprender y amar m\u00e1s hondo. De lo humano y lo divino convers\u00e9 con el psic\u00f3logo [&hellip;]<\/p>\n","protected":false},"author":1,"featured_media":2746,"comment_status":"open","ping_status":"open","sticky":false,"template":"","format":"standard","meta":{"_monsterinsights_skip_tracking":false,"_monsterinsights_sitenote_active":false,"_monsterinsights_sitenote_note":"","_monsterinsights_sitenote_category":0,"footnotes":""},"categories":[7],"tags":[25,26],"class_list":["post-1061","post","type-post","status-publish","format-standard","has-post-thumbnail","hentry","category-video","tag-espiritualidades","tag-transculturalidad"],"aioseo_notices":[],"_links":{"self":[{"href":"https:\/\/maleno.org\/index.php?rest_route=\/wp\/v2\/posts\/1061","targetHints":{"allow":["GET"]}}],"collection":[{"href":"https:\/\/maleno.org\/index.php?rest_route=\/wp\/v2\/posts"}],"about":[{"href":"https:\/\/maleno.org\/index.php?rest_route=\/wp\/v2\/types\/post"}],"author":[{"embeddable":true,"href":"https:\/\/maleno.org\/index.php?rest_route=\/wp\/v2\/users\/1"}],"replies":[{"embeddable":true,"href":"https:\/\/maleno.org\/index.php?rest_route=%2Fwp%2Fv2%2Fcomments&post=1061"}],"version-history":[{"count":11,"href":"https:\/\/maleno.org\/index.php?rest_route=\/wp\/v2\/posts\/1061\/revisions"}],"predecessor-version":[{"id":2836,"href":"https:\/\/maleno.org\/index.php?rest_route=\/wp\/v2\/posts\/1061\/revisions\/2836"}],"wp:featuredmedia":[{"embeddable":true,"href":"https:\/\/maleno.org\/index.php?rest_route=\/wp\/v2\/media\/2746"}],"wp:attachment":[{"href":"https:\/\/maleno.org\/index.php?rest_route=%2Fwp%2Fv2%2Fmedia&parent=1061"}],"wp:term":[{"taxonomy":"category","embeddable":true,"href":"https:\/\/maleno.org\/index.php?rest_route=%2Fwp%2Fv2%2Fcategories&post=1061"},{"taxonomy":"post_tag","embeddable":true,"href":"https:\/\/maleno.org\/index.php?rest_route=%2Fwp%2Fv2%2Ftags&post=1061"}],"curies":[{"name":"wp","href":"https:\/\/api.w.org\/{rel}","templated":true}]}}