{"id":2594,"date":"2025-09-30T15:04:38","date_gmt":"2025-09-30T15:04:38","guid":{"rendered":"https:\/\/maleno.org\/?p=2594"},"modified":"2025-12-25T18:58:35","modified_gmt":"2025-12-25T18:58:35","slug":"celebrando-la-european-youth-conference-durante-la-presidencia-espanola-de-la-ue","status":"publish","type":"post","link":"https:\/\/maleno.org\/?p=2594","title":{"rendered":"Celebrando la European Youth Conference durante la Presidencia Espa\u00f1ola de la UE"},"content":{"rendered":"\t\t<div data-elementor-type=\"wp-post\" data-elementor-id=\"2594\" class=\"elementor elementor-2594\" data-elementor-post-type=\"post\">\n\t\t\t\t<div class=\"elementor-element elementor-element-b833f06 e-flex e-con-boxed e-con e-parent\" data-id=\"b833f06\" data-element_type=\"container\">\n\t\t\t\t\t<div class=\"e-con-inner\">\n\t\t\t\t<div class=\"elementor-element elementor-element-138e041 elementor-widget elementor-widget-text-editor\" data-id=\"138e041\" data-element_type=\"widget\" data-widget_type=\"text-editor.default\">\n\t\t\t\t\t\t\t\t\t<p><em>Bruselas, septiembre 2023 &#8211; <\/em> El Ministerio de Derechos Sociales y Agenda 2030 y el Instituto Nacional de Juventud de Espa\u00f1a me invitaron como experto a la European Youth Conference. Durante cuatro jornadas estuve participando en mesas redondas, grupos de trabajo multidisciplinares y di\u00e1logos con j\u00f3venes delegados y policy makers europeos para elaborar un plan europeo de inclusi\u00f3n de la juventud\u00a0<\/p>\t\t\t\t\t\t\t\t<\/div>\n\t\t\t\t<div class=\"elementor-element elementor-element-418ab7a elementor-widget elementor-widget-dtr-quote\" data-id=\"418ab7a\" data-element_type=\"widget\" data-widget_type=\"dtr-quote.default\">\n\t\t\t\t<div class=\"elementor-widget-container\">\n\t\t\t\t\t<div class=\"dtr-quote dtr-quote__left-align dtr-radius--rounded clearfix\"><div class=\"dtr-quote__content\"><blockquote>La construcci\u00f3n de una Europa transcultural es la \u00fanica v\u00eda para garantizar la convivencia social y el progreso comunitario<\/blockquote><\/div><\/div>\t\t\t\t<\/div>\n\t\t\t\t<\/div>\n\t\t\t\t<div class=\"elementor-element elementor-element-ca2382f elementor-widget elementor-widget-text-editor\" data-id=\"ca2382f\" data-element_type=\"widget\" data-widget_type=\"text-editor.default\">\n\t\t\t\t\t\t\t\t\t<p><a href=\"https:\/\/www.dsca.gob.es\/sites\/default\/files\/derechos-sociales\/inclusion\/docs\/EUYC_Alicante_Conference_Report.pdf\">\ud83d\udd17 Accede al informe final de la European Youth Conference<\/a><\/p>\t\t\t\t\t\t\t\t<\/div>\n\t\t\t\t<div class=\"elementor-element elementor-element-eaf24a5 elementor-widget elementor-widget-image\" data-id=\"eaf24a5\" data-element_type=\"widget\" data-widget_type=\"image.default\">\n\t\t\t\t\t\t\t\t\t\t\t\t\t\t\t<img fetchpriority=\"high\" decoding=\"async\" width=\"872\" height=\"931\" src=\"https:\/\/maleno.org\/wp-content\/uploads\/2025\/09\/Captura-de-pantalla-2025-11-01-a-las-19.01.42.png\" class=\"attachment-full size-full wp-image-2655\" alt=\"\" srcset=\"https:\/\/maleno.org\/wp-content\/uploads\/2025\/09\/Captura-de-pantalla-2025-11-01-a-las-19.01.42.png 872w, https:\/\/maleno.org\/wp-content\/uploads\/2025\/09\/Captura-de-pantalla-2025-11-01-a-las-19.01.42-281x300.png 281w, https:\/\/maleno.org\/wp-content\/uploads\/2025\/09\/Captura-de-pantalla-2025-11-01-a-las-19.01.42-768x820.png 768w\" sizes=\"(max-width: 872px) 100vw, 872px\" \/>\t\t\t\t\t\t\t\t\t\t\t\t\t\t\t<\/div>\n\t\t\t\t\t<\/div>\n\t\t\t\t<\/div>\n\t\t\t\t<\/div>\n\t\t","protected":false},"excerpt":{"rendered":"<p>Bruselas, septiembre 2023 &#8211; El Ministerio de Derechos Sociales y Agenda 2030 y el Instituto Nacional de Juventud de Espa\u00f1a me invitaron como experto a la European Youth Conference. Durante cuatro jornadas estuve participando en mesas redondas, grupos de trabajo multidisciplinares y di\u00e1logos con j\u00f3venes delegados y policy makers europeos para elaborar un plan europeo [&hellip;]<\/p>\n","protected":false},"author":1,"featured_media":2743,"comment_status":"open","ping_status":"open","sticky":false,"template":"","format":"standard","meta":{"_monsterinsights_skip_tracking":false,"_monsterinsights_sitenote_active":false,"_monsterinsights_sitenote_note":"","_monsterinsights_sitenote_category":0,"footnotes":""},"categories":[6],"tags":[29,26,30],"class_list":["post-2594","post","type-post","status-publish","format-standard","has-post-thumbnail","hentry","category-blog","tag-presidencia-espanola","tag-transculturalidad","tag-union-europea"],"aioseo_notices":[],"_links":{"self":[{"href":"https:\/\/maleno.org\/index.php?rest_route=\/wp\/v2\/posts\/2594","targetHints":{"allow":["GET"]}}],"collection":[{"href":"https:\/\/maleno.org\/index.php?rest_route=\/wp\/v2\/posts"}],"about":[{"href":"https:\/\/maleno.org\/index.php?rest_route=\/wp\/v2\/types\/post"}],"author":[{"embeddable":true,"href":"https:\/\/maleno.org\/index.php?rest_route=\/wp\/v2\/users\/1"}],"replies":[{"embeddable":true,"href":"https:\/\/maleno.org\/index.php?rest_route=%2Fwp%2Fv2%2Fcomments&post=2594"}],"version-history":[{"count":7,"href":"https:\/\/maleno.org\/index.php?rest_route=\/wp\/v2\/posts\/2594\/revisions"}],"predecessor-version":[{"id":2833,"href":"https:\/\/maleno.org\/index.php?rest_route=\/wp\/v2\/posts\/2594\/revisions\/2833"}],"wp:featuredmedia":[{"embeddable":true,"href":"https:\/\/maleno.org\/index.php?rest_route=\/wp\/v2\/media\/2743"}],"wp:attachment":[{"href":"https:\/\/maleno.org\/index.php?rest_route=%2Fwp%2Fv2%2Fmedia&parent=2594"}],"wp:term":[{"taxonomy":"category","embeddable":true,"href":"https:\/\/maleno.org\/index.php?rest_route=%2Fwp%2Fv2%2Fcategories&post=2594"},{"taxonomy":"post_tag","embeddable":true,"href":"https:\/\/maleno.org\/index.php?rest_route=%2Fwp%2Fv2%2Ftags&post=2594"}],"curies":[{"name":"wp","href":"https:\/\/api.w.org\/{rel}","templated":true}]}}